{"id":5749,"date":"2019-01-29T09:00:13","date_gmt":"2019-01-29T09:00:13","guid":{"rendered":"https:\/\/fondazionecomel.org\/2019\/01\/29\/lapprofondimento-pensieri-cielo-della-mente-un-pensiero-non-molla-la-presa\/"},"modified":"2019-01-29T09:00:13","modified_gmt":"2019-01-29T09:00:13","slug":"lapprofondimento-pensieri-cielo-della-mente-un-pensiero-non-molla-la-presa","status":"publish","type":"post","link":"https:\/\/fondazionecomel.org\/en\/dialogando-en\/newsletter-en\/approfondimento-en\/lapprofondimento-pensieri-cielo-della-mente-un-pensiero-non-molla-la-presa\/","title":{"rendered":"L&#8217;APPROFONDIMENTO &#8211; I pensieri e il cielo della mente &#8211; Quando un pensiero non molla la presa"},"content":{"rendered":"<p>Seguito del precedente articolo <a href=\"\/?p=5672\" target=\"_blank\" rel=\"noopener\"><strong>La pazienza: un cestino leggero!<\/strong> <\/a>pubblicato sul n. 129 di Dialogando.<\/p>\n<p>&nbsp;<\/p>\n<p>A volte accade che un pensiero non utile non molli la presa. Seguendo l&#8217;insegnamento orientale, avete pazientato, avete immaginato un buon maestro accanto a voi, avete cercato di dirigervi verso modi sani. O persino avete cercato di distrarvi. Ma quella rabbia o desiderio&#8230; non molla la presa! O non cessa di ricomparire ogni giorno (spesso anche alla medesima ora o in situazioni simili).<br \/>\nE voi scoppiate, cedete. E in verit\u00e0 non sentite alcuna pace dentro di voi.<\/p>\n<p>Va tutto bene. A volte sorge l&#8217;equivoco che ci\u00f2 che dobbiamo provare, iniziando a percorrere l&#8217;insegnamento orientale, sia uno stato di pace rarefatto. Accadr\u00e0, ma non sempre (o non inizialmente).<br \/>\nLa pace di cui parliamo \u00e8 innanzitutto <em>fare pace<\/em> con quello che c&#8217;\u00e8: coltivare uno stato di pace con ci\u00f2 che c&#8217;\u00e8.<br \/>\nQuando siamo liberati dalla necessit\u00e0 che le cose siano diverse da come sono, ritroviamo benessere, interezza, sguardo limpido. Modi sani. Diventiamo una benedizione per noi stessi e il mondo.<\/p>\n<p>Non significa porci volutamente in situazioni difficili (anzi il Buddha, usando una metafora, incoraggiava a evitare <em>elefanti infuriati<\/em> o <em>precipizi<\/em> che sappiamo non poter fronteggiare). Evitate ci\u00f2 che non \u00e8 sano. Evitate luoghi o situazioni non utili.<br \/>\nAl tempo stesso, questo \u00e8 l&#8217;insegnamento, coltivate in ogni frangente la capacit\u00e0 di fare pace con ci\u00f2 che c&#8217;\u00e8, con i vostri pensieri o emozioni.<\/p>\n<p>Rabbia, scoraggiamento, brama, paura&#8230; come la ruota di un vasaio che per inerzia della spinta ricevuta continua a girare ancora un po&#8217; anche quando il vaso \u00e8 terminato e tolto, cos\u00ec la mente produrr\u00e0 ancora alcuni pensieri non utili per via dell&#8217;abitudine (del deposito karmico passato: i modi percorsi), ma il loro volume e forza diventer\u00e0 via via inferiore.<br \/>\nE la vostra mente sar\u00e0 libera di non identificarsi con i pensieri che passano.<\/p>\n<p>Anche un essere risvegliato continua a vivere ancora per un certo tempo anche dopo l&#8217;illuminazione, fino a quando non esaurisce la spinta karmica accumulata (per le azioni o vite passate).<br \/>\nMa i suoi modi nasceranno da una mente libera e il suo cuore sar\u00e0 limpido e felice. Vi offro un racconto per comprendere.<\/p>\n<p><strong>Uccelli in volo&#8230;<\/strong><br \/>\nOgni pensiero \u00e8 come un uccello che passa nel cielo della mente: passa e vola via. Se quell&#8217;uccello (pensiero o emozione) catturate e legate a voi (poniamo al vostro braccio, legandolo con un filo) quel pensiero non vi abbandoner\u00e0. Potrete agitarvi, rattristarvi, ribellarvi, ma quel pensiero (necessariamente) vi voler\u00e0 sempre attorno. Forse guardando un buon film non lo vedrete per qualche tempo, ma poi ricomparir\u00e0: &#8220;Quel pensiero non molla la presa!&#8221;.<\/p>\n<p>No, non \u00e8 il pensiero che non molla la presa. Siete voi che l&#8217;avete catturato e solo voi potete sciogliere quel filo e lasciarlo andare. E il pensiero (impulso o emozione) scorrer\u00e0 fino a dissolversi lasciando pace e limpidezza.<br \/>\nAmate quel pensiero indesiderato. Fategli spazio nel vostro cuore. Quella rabbia, brama o scoraggiamento passer\u00e0. Potr\u00e0 accadere che ancora torni e voi l&#8217;accoglierete con affettuosa amicizia. Gli aprite la porta del cuore, ma senza dare corpo ai suoi modi, finch\u00e8 cesser\u00e0.<\/p>\n<p>Non ci applichiamo nello scacciare i pensieri, ma piuttosto nell&#8217;assistere al loro dissolversi.<\/p>\n<p><strong>Rapaci o gentili&#8230;<\/strong><br \/>\nSe un&#8217;emozione o pensiero torna, non guardate quell&#8217;emozione, ma la vostra mano (la mano del cuore) che lo afferra e lo tiene legato a s\u00e9. Sciogliete con pazienza quel filo. Lasciate che il pensiero ci sia e faccia il suo corso e se ne andr\u00e0.<\/p>\n<p>Grazie alla consapevolezza addestrata, sapete che ogni pensiero \u00e8 solo un pensiero; ogni emozione \u00e8 solo un&#8217;emozione; ogni impulso \u00e8 solo un impulso. Iniziate a fare pace con quel pensiero. Potete stare in pace con qualunque pensiero. Se sorridete a quel pensiero senza aver fretta che se ne vada, se ne andr\u00e0.<br \/>\nCos\u00ec potete dire al vostro pensiero:<\/p>\n<p>&#8220;<em>Benvenuto! Non ho inclinazione a volere tu sparisca. Non ho pi\u00f9 inclinazione a fare lotta con te: resta pure nel cielo della mia mente. Non ho pi\u00f9 inclinazione a sterminare pensieri o volermene sbarazzare o preferire solo i migliori. Ho inclinazione ad accoglierli; e intanto siedo in pace; o mi muovo, in pace; o lavo i piatti in pace; o lavoro in pace. Sorrido in pace. Ti sorrido, in pace. Resta pure il tempo che vuoi, io cammino insieme a te<\/em>&#8220;.<\/p>\n<p>Potranno comparire nel cielo della mente uccelli grandi o piccoli, torvi o gentili; pensieri rapaci o soavi, densi o leggeri, ma passeranno nel cielo della mente. E voleranno via.<\/p>\n<p>Elena Greggia, orientalista e ricercatrice<\/p>\n<p>&nbsp;<\/p>\n","protected":false},"excerpt":{"rendered":"<p>A volte accade che un pensiero non utile non molli la presa. Seguendo l&#8217;insegnamento orientale, avete pazientato, avete immaginato un buon maestro accanto a voi, avete cercato di dirigervi verso modi sani. O persino avete cercato di distrarvi. Ma quella rabbia o desiderio&#8230;<\/p>\n","protected":false},"author":2,"featured_media":0,"comment_status":"closed","ping_status":"open","sticky":false,"template":"","format":"standard","meta":[],"categories":[804,805,806],"tags":[],"acf":[],"yoast_head":"<!-- This site is optimized with the Yoast SEO plugin v17.6 - https:\/\/yoast.com\/wordpress\/plugins\/seo\/ -->\n<title>L&#039;APPROFONDIMENTO - I pensieri e il cielo della mente - Quando un pensiero non molla la presa - Fondazione Comel<\/title>\n<meta name=\"robots\" content=\"index, follow, max-snippet:-1, max-image-preview:large, max-video-preview:-1\" \/>\n<link rel=\"canonical\" href=\"https:\/\/fondazionecomel.org\/en\/dialogando-en\/newsletter-en\/approfondimento-en\/lapprofondimento-pensieri-cielo-della-mente-un-pensiero-non-molla-la-presa\/\" \/>\n<meta property=\"og:locale\" content=\"en_US\" \/>\n<meta property=\"og:type\" content=\"article\" \/>\n<meta property=\"og:title\" content=\"L&#039;APPROFONDIMENTO - I pensieri e il cielo della mente - Quando un pensiero non molla la presa - Fondazione Comel\" \/>\n<meta property=\"og:description\" content=\"A volte accade che un pensiero non utile non molli la presa. Seguendo l&#039;insegnamento orientale, avete pazientato, avete immaginato un buon maestro accanto a voi, avete cercato di dirigervi verso modi sani. O persino avete cercato di distrarvi. Ma quella rabbia o desiderio...\" \/>\n<meta property=\"og:url\" content=\"https:\/\/fondazionecomel.org\/en\/dialogando-en\/newsletter-en\/approfondimento-en\/lapprofondimento-pensieri-cielo-della-mente-un-pensiero-non-molla-la-presa\/\" \/>\n<meta property=\"og:site_name\" content=\"Fondazione Comel\" \/>\n<meta property=\"article:published_time\" content=\"2019-01-29T09:00:13+00:00\" \/>\n<meta name=\"twitter:card\" content=\"summary\" \/>\n<meta name=\"twitter:label1\" content=\"Written by\" \/>\n\t<meta name=\"twitter:data1\" content=\"Elena Greggia\" \/>\n\t<meta name=\"twitter:label2\" content=\"Est. reading time\" \/>\n\t<meta name=\"twitter:data2\" content=\"4 minutes\" \/>\n<script type=\"application\/ld+json\" class=\"yoast-schema-graph\">{\"@context\":\"https:\/\/schema.org\",\"@graph\":[{\"@type\":\"WebSite\",\"@id\":\"https:\/\/fondazionecomel.org\/#website\",\"url\":\"https:\/\/fondazionecomel.org\/\",\"name\":\"Fondazione Comel\",\"description\":\"\",\"potentialAction\":[{\"@type\":\"SearchAction\",\"target\":{\"@type\":\"EntryPoint\",\"urlTemplate\":\"https:\/\/fondazionecomel.org\/?s={search_term_string}\"},\"query-input\":\"required name=search_term_string\"}],\"inLanguage\":\"en-US\"},{\"@type\":\"WebPage\",\"@id\":\"https:\/\/fondazionecomel.org\/en\/dialogando-en\/newsletter-en\/approfondimento-en\/lapprofondimento-pensieri-cielo-della-mente-un-pensiero-non-molla-la-presa\/#webpage\",\"url\":\"https:\/\/fondazionecomel.org\/en\/dialogando-en\/newsletter-en\/approfondimento-en\/lapprofondimento-pensieri-cielo-della-mente-un-pensiero-non-molla-la-presa\/\",\"name\":\"L'APPROFONDIMENTO - I pensieri e il cielo della mente - Quando un pensiero non molla la presa - Fondazione Comel\",\"isPartOf\":{\"@id\":\"https:\/\/fondazionecomel.org\/#website\"},\"datePublished\":\"2019-01-29T09:00:13+00:00\",\"dateModified\":\"2019-01-29T09:00:13+00:00\",\"author\":{\"@id\":\"https:\/\/fondazionecomel.org\/#\/schema\/person\/20783340f84e2497de94109ac0bbdc26\"},\"breadcrumb\":{\"@id\":\"https:\/\/fondazionecomel.org\/en\/dialogando-en\/newsletter-en\/approfondimento-en\/lapprofondimento-pensieri-cielo-della-mente-un-pensiero-non-molla-la-presa\/#breadcrumb\"},\"inLanguage\":\"en-US\",\"potentialAction\":[{\"@type\":\"ReadAction\",\"target\":[\"https:\/\/fondazionecomel.org\/en\/dialogando-en\/newsletter-en\/approfondimento-en\/lapprofondimento-pensieri-cielo-della-mente-un-pensiero-non-molla-la-presa\/\"]}]},{\"@type\":\"BreadcrumbList\",\"@id\":\"https:\/\/fondazionecomel.org\/en\/dialogando-en\/newsletter-en\/approfondimento-en\/lapprofondimento-pensieri-cielo-della-mente-un-pensiero-non-molla-la-presa\/#breadcrumb\",\"itemListElement\":[{\"@type\":\"ListItem\",\"position\":1,\"name\":\"Home\",\"item\":\"https:\/\/fondazionecomel.org\/en\/\"},{\"@type\":\"ListItem\",\"position\":2,\"name\":\"L&#8217;APPROFONDIMENTO &#8211; I pensieri e il cielo della mente &#8211; Quando un pensiero non molla la presa\"}]},{\"@type\":\"Person\",\"@id\":\"https:\/\/fondazionecomel.org\/#\/schema\/person\/20783340f84e2497de94109ac0bbdc26\",\"name\":\"Elena Greggia\",\"image\":{\"@type\":\"ImageObject\",\"@id\":\"https:\/\/fondazionecomel.org\/#personlogo\",\"inLanguage\":\"en-US\",\"url\":\"https:\/\/secure.gravatar.com\/avatar\/5517ef1f742102a97d817667bae25257?s=96&d=mm&r=g\",\"contentUrl\":\"https:\/\/secure.gravatar.com\/avatar\/5517ef1f742102a97d817667bae25257?s=96&d=mm&r=g\",\"caption\":\"Elena Greggia\"},\"url\":\"https:\/\/fondazionecomel.org\/en\/author\/autore-1\/\"}]}<\/script>\n<!-- \/ Yoast SEO plugin. -->","yoast_head_json":{"title":"L'APPROFONDIMENTO - I pensieri e il cielo della mente - Quando un pensiero non molla la presa - Fondazione Comel","robots":{"index":"index","follow":"follow","max-snippet":"max-snippet:-1","max-image-preview":"max-image-preview:large","max-video-preview":"max-video-preview:-1"},"canonical":"https:\/\/fondazionecomel.org\/en\/dialogando-en\/newsletter-en\/approfondimento-en\/lapprofondimento-pensieri-cielo-della-mente-un-pensiero-non-molla-la-presa\/","og_locale":"en_US","og_type":"article","og_title":"L'APPROFONDIMENTO - I pensieri e il cielo della mente - Quando un pensiero non molla la presa - Fondazione Comel","og_description":"A volte accade che un pensiero non utile non molli la presa. Seguendo l'insegnamento orientale, avete pazientato, avete immaginato un buon maestro accanto a voi, avete cercato di dirigervi verso modi sani. O persino avete cercato di distrarvi. Ma quella rabbia o desiderio...","og_url":"https:\/\/fondazionecomel.org\/en\/dialogando-en\/newsletter-en\/approfondimento-en\/lapprofondimento-pensieri-cielo-della-mente-un-pensiero-non-molla-la-presa\/","og_site_name":"Fondazione Comel","article_published_time":"2019-01-29T09:00:13+00:00","twitter_card":"summary","twitter_misc":{"Written by":"Elena Greggia","Est. reading time":"4 minutes"},"schema":{"@context":"https:\/\/schema.org","@graph":[{"@type":"WebSite","@id":"https:\/\/fondazionecomel.org\/#website","url":"https:\/\/fondazionecomel.org\/","name":"Fondazione Comel","description":"","potentialAction":[{"@type":"SearchAction","target":{"@type":"EntryPoint","urlTemplate":"https:\/\/fondazionecomel.org\/?s={search_term_string}"},"query-input":"required name=search_term_string"}],"inLanguage":"en-US"},{"@type":"WebPage","@id":"https:\/\/fondazionecomel.org\/en\/dialogando-en\/newsletter-en\/approfondimento-en\/lapprofondimento-pensieri-cielo-della-mente-un-pensiero-non-molla-la-presa\/#webpage","url":"https:\/\/fondazionecomel.org\/en\/dialogando-en\/newsletter-en\/approfondimento-en\/lapprofondimento-pensieri-cielo-della-mente-un-pensiero-non-molla-la-presa\/","name":"L'APPROFONDIMENTO - I pensieri e il cielo della mente - Quando un pensiero non molla la presa - Fondazione Comel","isPartOf":{"@id":"https:\/\/fondazionecomel.org\/#website"},"datePublished":"2019-01-29T09:00:13+00:00","dateModified":"2019-01-29T09:00:13+00:00","author":{"@id":"https:\/\/fondazionecomel.org\/#\/schema\/person\/20783340f84e2497de94109ac0bbdc26"},"breadcrumb":{"@id":"https:\/\/fondazionecomel.org\/en\/dialogando-en\/newsletter-en\/approfondimento-en\/lapprofondimento-pensieri-cielo-della-mente-un-pensiero-non-molla-la-presa\/#breadcrumb"},"inLanguage":"en-US","potentialAction":[{"@type":"ReadAction","target":["https:\/\/fondazionecomel.org\/en\/dialogando-en\/newsletter-en\/approfondimento-en\/lapprofondimento-pensieri-cielo-della-mente-un-pensiero-non-molla-la-presa\/"]}]},{"@type":"BreadcrumbList","@id":"https:\/\/fondazionecomel.org\/en\/dialogando-en\/newsletter-en\/approfondimento-en\/lapprofondimento-pensieri-cielo-della-mente-un-pensiero-non-molla-la-presa\/#breadcrumb","itemListElement":[{"@type":"ListItem","position":1,"name":"Home","item":"https:\/\/fondazionecomel.org\/en\/"},{"@type":"ListItem","position":2,"name":"L&#8217;APPROFONDIMENTO &#8211; I pensieri e il cielo della mente &#8211; Quando un pensiero non molla la presa"}]},{"@type":"Person","@id":"https:\/\/fondazionecomel.org\/#\/schema\/person\/20783340f84e2497de94109ac0bbdc26","name":"Elena Greggia","image":{"@type":"ImageObject","@id":"https:\/\/fondazionecomel.org\/#personlogo","inLanguage":"en-US","url":"https:\/\/secure.gravatar.com\/avatar\/5517ef1f742102a97d817667bae25257?s=96&d=mm&r=g","contentUrl":"https:\/\/secure.gravatar.com\/avatar\/5517ef1f742102a97d817667bae25257?s=96&d=mm&r=g","caption":"Elena Greggia"},"url":"https:\/\/fondazionecomel.org\/en\/author\/autore-1\/"}]}},"_links":{"self":[{"href":"https:\/\/fondazionecomel.org\/en\/wp-json\/wp\/v2\/posts\/5749"}],"collection":[{"href":"https:\/\/fondazionecomel.org\/en\/wp-json\/wp\/v2\/posts"}],"about":[{"href":"https:\/\/fondazionecomel.org\/en\/wp-json\/wp\/v2\/types\/post"}],"author":[{"embeddable":true,"href":"https:\/\/fondazionecomel.org\/en\/wp-json\/wp\/v2\/users\/2"}],"replies":[{"embeddable":true,"href":"https:\/\/fondazionecomel.org\/en\/wp-json\/wp\/v2\/comments?post=5749"}],"version-history":[{"count":0,"href":"https:\/\/fondazionecomel.org\/en\/wp-json\/wp\/v2\/posts\/5749\/revisions"}],"wp:attachment":[{"href":"https:\/\/fondazionecomel.org\/en\/wp-json\/wp\/v2\/media?parent=5749"}],"wp:term":[{"taxonomy":"category","embeddable":true,"href":"https:\/\/fondazionecomel.org\/en\/wp-json\/wp\/v2\/categories?post=5749"},{"taxonomy":"post_tag","embeddable":true,"href":"https:\/\/fondazionecomel.org\/en\/wp-json\/wp\/v2\/tags?post=5749"}],"curies":[{"name":"wp","href":"https:\/\/api.w.org\/{rel}","templated":true}]}}