{"id":5750,"date":"2019-01-29T08:55:10","date_gmt":"2019-01-29T08:55:10","guid":{"rendered":"https:\/\/fondazionecomel.org\/2019\/01\/29\/editoriale-pensatori-navigatori\/"},"modified":"2019-01-29T08:55:10","modified_gmt":"2019-01-29T08:55:10","slug":"editoriale-pensatori-navigatori","status":"publish","type":"post","link":"https:\/\/fondazionecomel.org\/en\/dialogando-en\/editoriale-pensatori-navigatori\/","title":{"rendered":"EDITORIALE &#8211; Fra i pensatori e i navigatori"},"content":{"rendered":"<p>Fra i <em>pensatori<\/em> e i <em>navigatori<\/em> (quasi sempre a vista, che \u00e8 meno impegnativo) scolpiti nella pietra del Palazzo dell\u2019EUR \u00e8 silenziosamente emersa una nuova specie del <em>genus<\/em> italico che, giunta alla ribalta sulla cresta delle ultime elezioni, ha finalmente realizzato quel cambiamento invano promesso dai governi e dalle coalizioni che si erano precedentemente succedute, con i magri risultati che ben conosciamo, sugli scranni del potere: quella degli inventori di un governo che esprime direttamente maggioranza e opposizione e viceversa: tutto nell\u2019ambito della medesima compagine.<\/p>\n<p>Si consegue in tale modo un evidente risparmio di tempo e di denaro (dei cittadini) oltre alla massima efficacia possibile nell\u2019azione invero complessa del governare sebbene non sempre n\u00e9 il risparmio n\u00e9 l\u2019efficacia in parola siano individuabili come tali, ma sicuramente da qualche parte ci saranno.<br \/>\nLa Civilt\u00e0 italiana \u00e8 cos\u00ec ancora in grado, come sembra, di dare adeguate lezioni agli stranieri, in particolare europei, i quali, un po\u2019 per pigrizia intellettuale e un po\u2019 per preconcetta e ancestrale iattanza verso queste fertili regioni che un tempo furono loro colonie, non sembrano sempre in grado di comprendere i processi del nuovo che avanza.<\/p>\n<p>Ora, va da s\u00e9 che lo scenario tenda fatalmente ad assomigliare un po\u2019 a una continua tenzone e che il Paese si trovi trasformato tutto quanto in una grande Barletta (non per nulla i termini fra i pi\u00f9 ricorrenti nei titoli delle prime pagine sono sfida e duello) ove se un colore dice <em>s\u00ec<\/em> l\u2019altro debba subito rispondere <em>no<\/em> e viceversa, onde non lasciare all\u2019opposizione (<em>pardon<\/em>, all\u2019alleato) vantaggio veruno, neanche apparente: gi\u00e0 un <em>leader<\/em> britannico dello scorso millennio ebbe l\u2019improntitudine di osservare (peraltro non richiesto da alcuno) che gli Italiani sembrano andare alla guerra come a una partita di <em>foot-ball<\/em> e alla partita di <em>foot-ball<\/em> come alla guerra.<\/p>\n<p>Un problema potrebbe, se mai, far capolino dal fatto che dovendo i responsabili assolvere l\u2019arduo compito di parlare senza sosta e di rimbeccarsi di continuo (alzando inoltre regolarmente i toni poich\u00e9, in difetto, nel generale marasma indotto dalla globalizzazione essi non apparirebbero neanche pi\u00f9 e questo, Dio non voglia, corrisponderebbe a una sorte personale politicamente scorretta oltre che nociva alle campagne elettorali) si corre il rischio di non trovare pi\u00f9 il tempo per fare, anche, qualcosa.<\/p>\n<p>Ma qualche ritardo \u00e8 pur sempre accettabile specialmente quando si aprono nuove strade come, non per nulla e solo per un esempio, l\u2019altalena sulle opere pubbliche (a proposito delle quali si \u00e8 scoperto l\u2019innovativo criterio dell\u2019indagine costi-benefici non prima di intraprendere contratti e attivit\u00e0, ma <em>a posteriori<\/em>) o sulle chiusure dei porti a qualche nave sballottata con i suoi disgraziati passeggeri. Come se i flussi migratori indotti da guerre e carestie dipendessero (solo) dai porti di destinazione.<\/p>\n<p>Ma non preoccupiamoci pi\u00f9 di tanto.<br \/>\nGi\u00e0 Omero aveva saggiamente osservato e (per fortuna) scritto nel VI libro dell\u2019Iliade:<\/p>\n<p><em>Tidide magnanimo, perch\u00e9 domandi la stirpe?<\/em><br \/>\n<em>Come infatti le stirpi delle foglie, cos\u00ec quelle degli uomini:<\/em><br \/>\n<em>esse infatti alcune il vento abbatte verso il nero suolo, altre nutre la selva in fiore nel tempo di primavera;<\/em><br \/>\n<em>cos\u00ec le stirpi degli uomini: una nasce, l\u2019altra scompare.<\/em><\/p>\n","protected":false},"excerpt":{"rendered":"<p>Fra i <em>pensatori<\/em> e i <em>navigatori<\/em> (quasi sempre a vista, che \u00e8 meno impegnativo) scolpiti nella pietra del Palazzo dell\u2019EUR \u00e8 silenziosamente emersa una nuova specie del <em>genus<\/em> italico che, giunta alla ribalta sulla cresta delle ultime elezioni, ha finalmente realizzato quel cambiamento invano promesso&#8230;<\/p>\n","protected":false},"author":13,"featured_media":0,"comment_status":"closed","ping_status":"open","sticky":false,"template":"","format":"standard","meta":[],"categories":[805,807,806],"tags":[],"acf":[],"yoast_head":"<!-- This site is optimized with the Yoast SEO plugin v17.6 - https:\/\/yoast.com\/wordpress\/plugins\/seo\/ -->\n<title>EDITORIALE - Fra i pensatori e i navigatori - Fondazione Comel<\/title>\n<meta name=\"robots\" content=\"index, follow, max-snippet:-1, max-image-preview:large, max-video-preview:-1\" \/>\n<link rel=\"canonical\" href=\"https:\/\/fondazionecomel.org\/en\/dialogando-en\/editoriale-pensatori-navigatori\/\" \/>\n<meta property=\"og:locale\" content=\"en_US\" \/>\n<meta property=\"og:type\" content=\"article\" \/>\n<meta property=\"og:title\" content=\"EDITORIALE - Fra i pensatori e i navigatori - Fondazione Comel\" \/>\n<meta property=\"og:description\" content=\"Fra i pensatori e i navigatori (quasi sempre a vista, che \u00e8 meno impegnativo) scolpiti nella pietra del Palazzo dell\u2019EUR \u00e8 silenziosamente emersa una nuova specie del genus italico che, giunta alla ribalta sulla cresta delle ultime elezioni, ha finalmente realizzato quel cambiamento invano promesso...\" \/>\n<meta property=\"og:url\" content=\"https:\/\/fondazionecomel.org\/en\/dialogando-en\/editoriale-pensatori-navigatori\/\" \/>\n<meta property=\"og:site_name\" content=\"Fondazione Comel\" \/>\n<meta property=\"article:published_time\" content=\"2019-01-29T08:55:10+00:00\" \/>\n<meta name=\"twitter:card\" content=\"summary\" \/>\n<meta name=\"twitter:label1\" content=\"Written by\" \/>\n\t<meta name=\"twitter:data1\" content=\"Luca Maria Pedrotti Dell'Acqua\" \/>\n\t<meta name=\"twitter:label2\" content=\"Est. reading time\" \/>\n\t<meta name=\"twitter:data2\" content=\"3 minutes\" \/>\n<script type=\"application\/ld+json\" class=\"yoast-schema-graph\">{\"@context\":\"https:\/\/schema.org\",\"@graph\":[{\"@type\":\"WebSite\",\"@id\":\"https:\/\/fondazionecomel.org\/#website\",\"url\":\"https:\/\/fondazionecomel.org\/\",\"name\":\"Fondazione Comel\",\"description\":\"\",\"potentialAction\":[{\"@type\":\"SearchAction\",\"target\":{\"@type\":\"EntryPoint\",\"urlTemplate\":\"https:\/\/fondazionecomel.org\/?s={search_term_string}\"},\"query-input\":\"required name=search_term_string\"}],\"inLanguage\":\"en-US\"},{\"@type\":\"WebPage\",\"@id\":\"https:\/\/fondazionecomel.org\/en\/dialogando-en\/editoriale-pensatori-navigatori\/#webpage\",\"url\":\"https:\/\/fondazionecomel.org\/en\/dialogando-en\/editoriale-pensatori-navigatori\/\",\"name\":\"EDITORIALE - Fra i pensatori e i navigatori - Fondazione Comel\",\"isPartOf\":{\"@id\":\"https:\/\/fondazionecomel.org\/#website\"},\"datePublished\":\"2019-01-29T08:55:10+00:00\",\"dateModified\":\"2019-01-29T08:55:10+00:00\",\"author\":{\"@id\":\"https:\/\/fondazionecomel.org\/#\/schema\/person\/9ffc7c36c7efb932493a5e2a31589f5d\"},\"breadcrumb\":{\"@id\":\"https:\/\/fondazionecomel.org\/en\/dialogando-en\/editoriale-pensatori-navigatori\/#breadcrumb\"},\"inLanguage\":\"en-US\",\"potentialAction\":[{\"@type\":\"ReadAction\",\"target\":[\"https:\/\/fondazionecomel.org\/en\/dialogando-en\/editoriale-pensatori-navigatori\/\"]}]},{\"@type\":\"BreadcrumbList\",\"@id\":\"https:\/\/fondazionecomel.org\/en\/dialogando-en\/editoriale-pensatori-navigatori\/#breadcrumb\",\"itemListElement\":[{\"@type\":\"ListItem\",\"position\":1,\"name\":\"Home\",\"item\":\"https:\/\/fondazionecomel.org\/en\/\"},{\"@type\":\"ListItem\",\"position\":2,\"name\":\"EDITORIALE &#8211; Fra i pensatori e i navigatori\"}]},{\"@type\":\"Person\",\"@id\":\"https:\/\/fondazionecomel.org\/#\/schema\/person\/9ffc7c36c7efb932493a5e2a31589f5d\",\"name\":\"Luca Maria Pedrotti Dell'Acqua\",\"image\":{\"@type\":\"ImageObject\",\"@id\":\"https:\/\/fondazionecomel.org\/#personlogo\",\"inLanguage\":\"en-US\",\"url\":\"https:\/\/secure.gravatar.com\/avatar\/d1442c9a12a4a8b7179b52e3eef13583?s=96&d=mm&r=g\",\"contentUrl\":\"https:\/\/secure.gravatar.com\/avatar\/d1442c9a12a4a8b7179b52e3eef13583?s=96&d=mm&r=g\",\"caption\":\"Luca Maria Pedrotti Dell'Acqua\"},\"url\":\"https:\/\/fondazionecomel.org\/en\/author\/luca-maria-pedrotti\/\"}]}<\/script>\n<!-- \/ Yoast SEO plugin. -->","yoast_head_json":{"title":"EDITORIALE - Fra i pensatori e i navigatori - Fondazione Comel","robots":{"index":"index","follow":"follow","max-snippet":"max-snippet:-1","max-image-preview":"max-image-preview:large","max-video-preview":"max-video-preview:-1"},"canonical":"https:\/\/fondazionecomel.org\/en\/dialogando-en\/editoriale-pensatori-navigatori\/","og_locale":"en_US","og_type":"article","og_title":"EDITORIALE - Fra i pensatori e i navigatori - Fondazione Comel","og_description":"Fra i pensatori e i navigatori (quasi sempre a vista, che \u00e8 meno impegnativo) scolpiti nella pietra del Palazzo dell\u2019EUR \u00e8 silenziosamente emersa una nuova specie del genus italico che, giunta alla ribalta sulla cresta delle ultime elezioni, ha finalmente realizzato quel cambiamento invano promesso...","og_url":"https:\/\/fondazionecomel.org\/en\/dialogando-en\/editoriale-pensatori-navigatori\/","og_site_name":"Fondazione Comel","article_published_time":"2019-01-29T08:55:10+00:00","twitter_card":"summary","twitter_misc":{"Written by":"Luca Maria Pedrotti Dell'Acqua","Est. reading time":"3 minutes"},"schema":{"@context":"https:\/\/schema.org","@graph":[{"@type":"WebSite","@id":"https:\/\/fondazionecomel.org\/#website","url":"https:\/\/fondazionecomel.org\/","name":"Fondazione Comel","description":"","potentialAction":[{"@type":"SearchAction","target":{"@type":"EntryPoint","urlTemplate":"https:\/\/fondazionecomel.org\/?s={search_term_string}"},"query-input":"required name=search_term_string"}],"inLanguage":"en-US"},{"@type":"WebPage","@id":"https:\/\/fondazionecomel.org\/en\/dialogando-en\/editoriale-pensatori-navigatori\/#webpage","url":"https:\/\/fondazionecomel.org\/en\/dialogando-en\/editoriale-pensatori-navigatori\/","name":"EDITORIALE - Fra i pensatori e i navigatori - Fondazione Comel","isPartOf":{"@id":"https:\/\/fondazionecomel.org\/#website"},"datePublished":"2019-01-29T08:55:10+00:00","dateModified":"2019-01-29T08:55:10+00:00","author":{"@id":"https:\/\/fondazionecomel.org\/#\/schema\/person\/9ffc7c36c7efb932493a5e2a31589f5d"},"breadcrumb":{"@id":"https:\/\/fondazionecomel.org\/en\/dialogando-en\/editoriale-pensatori-navigatori\/#breadcrumb"},"inLanguage":"en-US","potentialAction":[{"@type":"ReadAction","target":["https:\/\/fondazionecomel.org\/en\/dialogando-en\/editoriale-pensatori-navigatori\/"]}]},{"@type":"BreadcrumbList","@id":"https:\/\/fondazionecomel.org\/en\/dialogando-en\/editoriale-pensatori-navigatori\/#breadcrumb","itemListElement":[{"@type":"ListItem","position":1,"name":"Home","item":"https:\/\/fondazionecomel.org\/en\/"},{"@type":"ListItem","position":2,"name":"EDITORIALE &#8211; Fra i pensatori e i navigatori"}]},{"@type":"Person","@id":"https:\/\/fondazionecomel.org\/#\/schema\/person\/9ffc7c36c7efb932493a5e2a31589f5d","name":"Luca Maria Pedrotti Dell'Acqua","image":{"@type":"ImageObject","@id":"https:\/\/fondazionecomel.org\/#personlogo","inLanguage":"en-US","url":"https:\/\/secure.gravatar.com\/avatar\/d1442c9a12a4a8b7179b52e3eef13583?s=96&d=mm&r=g","contentUrl":"https:\/\/secure.gravatar.com\/avatar\/d1442c9a12a4a8b7179b52e3eef13583?s=96&d=mm&r=g","caption":"Luca Maria Pedrotti Dell'Acqua"},"url":"https:\/\/fondazionecomel.org\/en\/author\/luca-maria-pedrotti\/"}]}},"_links":{"self":[{"href":"https:\/\/fondazionecomel.org\/en\/wp-json\/wp\/v2\/posts\/5750"}],"collection":[{"href":"https:\/\/fondazionecomel.org\/en\/wp-json\/wp\/v2\/posts"}],"about":[{"href":"https:\/\/fondazionecomel.org\/en\/wp-json\/wp\/v2\/types\/post"}],"author":[{"embeddable":true,"href":"https:\/\/fondazionecomel.org\/en\/wp-json\/wp\/v2\/users\/13"}],"replies":[{"embeddable":true,"href":"https:\/\/fondazionecomel.org\/en\/wp-json\/wp\/v2\/comments?post=5750"}],"version-history":[{"count":0,"href":"https:\/\/fondazionecomel.org\/en\/wp-json\/wp\/v2\/posts\/5750\/revisions"}],"wp:attachment":[{"href":"https:\/\/fondazionecomel.org\/en\/wp-json\/wp\/v2\/media?parent=5750"}],"wp:term":[{"taxonomy":"category","embeddable":true,"href":"https:\/\/fondazionecomel.org\/en\/wp-json\/wp\/v2\/categories?post=5750"},{"taxonomy":"post_tag","embeddable":true,"href":"https:\/\/fondazionecomel.org\/en\/wp-json\/wp\/v2\/tags?post=5750"}],"curies":[{"name":"wp","href":"https:\/\/api.w.org\/{rel}","templated":true}]}}