{"id":5941,"date":"2016-09-01T09:00:02","date_gmt":"2016-09-01T09:00:02","guid":{"rendered":"https:\/\/fondazionecomel.org\/2016\/09\/01\/apocrifa-antipolitica\/"},"modified":"2016-09-01T09:00:02","modified_gmt":"2016-09-01T09:00:02","slug":"apocrifa-antipolitica","status":"publish","type":"post","link":"https:\/\/fondazionecomel.org\/en\/dialogando-en\/apocrifa-antipolitica\/","title":{"rendered":"APOCRIFA: Antipolitica"},"content":{"rendered":"<p>Pi\u00f9 volte, nel passato, ho scritto che a mio avviso il termine \u2018antipolitica\u2019 \u00e8 privo di senso e, in particolare, proprio di senso politico: i cittadini che disertano i seggi o che votano per soggetti <em>contra<\/em> realizzano atti pienamente e legittimamente politici anche se evidentemente poco graditi a coloro che, dimentichi della realt\u00e0 e cio\u00e8 che in democrazia, qualsiasi cosa si intenda per essa, non ci sono rendite di posizione eterne, ma il patto con il cittadino elettore deve comunque essere abbastanza vivo e in ogni caso rinnovabile, ritengono un insopportabile affronto che non li si tenga (pi\u00f9) nella giusta considerazione: chi, stanco, si ribella e cerca altrove ecco che si ritrova ad essere bollato come portatore d\u2019acqua all\u2019antipolitica.<\/p>\n<p>Una sorta di lesa maest\u00e0 che, per\u00f2, ha fatto il suo tempo senza, peraltro, che gli spocchiosi se ne accorgessero pi\u00f9 di tanto.<\/p>\n<p>Il problema del nostro Paese (occupiamoci di questo, sebbene anche diversi altri -sotto questo profilo- non stiano poi troppo meglio) \u00e8 che di politici veri ce ne sono pochi e che ancor meno ci sono statisti (nessuno), laddove brulicano i tanti che della politica fanno piuttosto un mestiere pi\u00f9 o meno lucroso che un pubblico servizio rivolto alla propria comunit\u00e0, alla <em>p\u00f2lis<\/em>.<\/p>\n<p>Ora, da un lato, l\u2019affluenza alle urne continua a calare, dal 71 al 67 all\u2019odierno 62 (cifre tonde: non servono alchimie) mentre, dall\u2019altro, ci sono sorprese in alcune grandi citt\u00e0: nella Capitale i 5Stelle sono ora il primo partito, oltre al 35%, mentre i partiti tradizionali scendono clamorosamente come il PD al 17% contro il precedente 26% e FI al 4% contro 13,5%. A Napoli il PD \u00e8 rimasto fuori ed a Torino, ove le qualit\u00e0 del sindaco uscente erano riconosciute dai suoi stessi competitori, andr\u00e0 al ballottaggio con i 5Stelle. A Milano c\u2019\u00e8 una sostanziale parit\u00e0 fra centro sinistra e centro destra (con un bel pacchetto di voti per i 5Stelle, che avr\u00e0 presto il suo peso) che rispecchia la quasi sostanziale intercambiabilit\u00e0, a prescindere dalle personali simpatie o antipatie, dei due <em>tecnici<\/em>.<\/p>\n<p>L\u2019avanzata dei 5Stelle e in particolare a Roma (ad Ostia, il municipio commissariato per mafia giunge quasi al 44%) dimostra che il movimento \u00e8 in grado di intercettare bisogni veri, lungamente repressi o trascurati da parte della politica autoreferenziale, esposti da parte di numerosi cittadini e che questa sua capacit\u00e0 non \u00e8, allo stato, indebolita pi\u00f9 di tanto dalle proprie vicende interne.<\/p>\n<p>E\u2019 giusto che sia cos\u00ec: Roma, dimostratasi citt\u00e0 mal governata e compromessa ogni oltre limite da parte di vari colori, diventa ora il banco di prova di un nuovo motore da una parte osannato e dall\u2019altra deprecato con quasi pari assenza di misura.<\/p>\n<p>Ma ora dalle parole scritte sulla scheda tecnica da parte dei suoi progettisti (vedremo se pi\u00f9 simile al bugiardino dei medicinali o alla presentazione del propulsore) si passa alla prova su strada: a cominciare dall\u2019Atac. Avranno bisogno anche loro, i nuovi, del tempo necessario, ma potranno dimostrare se sono in grado di diventare veramente una forza politica alternativa tenendo presente che gli osanna, particolarmente, tendono a essere meno entusiasti quando si lavora sul serio (a meno che, forse, non accada di intravedere l\u2019uscita dal tunnel e che questo suggerisca di tenere duro e di non ascoltare le altre sirene che prestamente si saranno messe a cantare senza curarsi punto delle proprie appena passate malefatte).<\/p>\n<p>Anche la Lega, nella sua prima versione, aveva acceso diverse speranze di stampo etico prima di arenarsi nei bassifondi della Roma (e neppure solo lei) inguaribilmente ladrona.<\/p>\n<p>Queste sono <em>solo<\/em> elezioni di ordine amministrativo e, per tradizione, anche un po\u2019 snobbate rispetto alle pi\u00f9 importanti elezioni politiche, ma la radice di ribellione contro lo scandalo continuo e il malcostume non \u00e8 detto sia precaria come le asfittiche distinzioni di coloro che non ammettono mai cercheranno di proporre.<\/p>\n<p>Come se non fosse importante avere anche citt\u00e0 abbastanza bene amministrate nei limiti del possibile e della vigente <em>rella<\/em> (in milanese: periodo di stanca e di scarse risorse): l\u2019avviso potrebbe valere da <em>memento<\/em> anche per i naviganti milanesi, i due <em>manager<\/em> che si sono spesi molto in promesse per argomenti ove la competenza del sindaco \u00e8 marginale: sicurezza e tasse.<\/p>\n<p><strong>Luca Pedrotti Dell&#8217;Acqua<\/strong><\/p>\n","protected":false},"excerpt":{"rendered":"<p>Pi\u00f9 volte, nel passato, ho scritto che a mio avviso il termine \u2018antipolitica\u2019 \u00e8 privo di senso e, in particolare, proprio di senso politico: i cittadini che disertano i seggi o che votano per soggetti <em>contra<\/em> realizzano atti pienamente e legittimamente politici anche se evidentemente poco graditi a coloro che, dimentichi della realt\u00e0 e cio\u00e8 che in democrazia, qualsiasi cosa si intenda per&#8230;<\/p>\n","protected":false},"author":13,"featured_media":0,"comment_status":"closed","ping_status":"open","sticky":false,"template":"","format":"standard","meta":[],"categories":[808,805,858],"tags":[],"acf":[],"yoast_head":"<!-- This site is optimized with the Yoast SEO plugin v17.6 - https:\/\/yoast.com\/wordpress\/plugins\/seo\/ -->\n<title>APOCRIFA: Antipolitica - Fondazione Comel<\/title>\n<meta name=\"robots\" content=\"index, follow, max-snippet:-1, max-image-preview:large, max-video-preview:-1\" \/>\n<link rel=\"canonical\" href=\"https:\/\/fondazionecomel.org\/en\/dialogando-en\/apocrifa-antipolitica\/\" \/>\n<meta property=\"og:locale\" content=\"en_US\" \/>\n<meta property=\"og:type\" content=\"article\" \/>\n<meta property=\"og:title\" content=\"APOCRIFA: Antipolitica - Fondazione Comel\" \/>\n<meta property=\"og:description\" content=\"Pi\u00f9 volte, nel passato, ho scritto che a mio avviso il termine \u2018antipolitica\u2019 \u00e8 privo di senso e, in particolare, proprio di senso politico: i cittadini che disertano i seggi o che votano per soggetti contra realizzano atti pienamente e legittimamente politici anche se evidentemente poco graditi a coloro che, dimentichi della realt\u00e0 e cio\u00e8 che in democrazia, qualsiasi cosa si intenda per...\" \/>\n<meta property=\"og:url\" content=\"https:\/\/fondazionecomel.org\/en\/dialogando-en\/apocrifa-antipolitica\/\" \/>\n<meta property=\"og:site_name\" content=\"Fondazione Comel\" \/>\n<meta property=\"article:published_time\" content=\"2016-09-01T09:00:02+00:00\" \/>\n<meta name=\"twitter:card\" content=\"summary\" \/>\n<meta name=\"twitter:label1\" content=\"Written by\" \/>\n\t<meta name=\"twitter:data1\" content=\"Luca Maria Pedrotti Dell'Acqua\" \/>\n\t<meta name=\"twitter:label2\" content=\"Est. reading time\" \/>\n\t<meta name=\"twitter:data2\" content=\"3 minutes\" \/>\n<script type=\"application\/ld+json\" class=\"yoast-schema-graph\">{\"@context\":\"https:\/\/schema.org\",\"@graph\":[{\"@type\":\"WebSite\",\"@id\":\"https:\/\/fondazionecomel.org\/#website\",\"url\":\"https:\/\/fondazionecomel.org\/\",\"name\":\"Fondazione Comel\",\"description\":\"\",\"potentialAction\":[{\"@type\":\"SearchAction\",\"target\":{\"@type\":\"EntryPoint\",\"urlTemplate\":\"https:\/\/fondazionecomel.org\/?s={search_term_string}\"},\"query-input\":\"required name=search_term_string\"}],\"inLanguage\":\"en-US\"},{\"@type\":\"WebPage\",\"@id\":\"https:\/\/fondazionecomel.org\/en\/dialogando-en\/apocrifa-antipolitica\/#webpage\",\"url\":\"https:\/\/fondazionecomel.org\/en\/dialogando-en\/apocrifa-antipolitica\/\",\"name\":\"APOCRIFA: Antipolitica - Fondazione Comel\",\"isPartOf\":{\"@id\":\"https:\/\/fondazionecomel.org\/#website\"},\"datePublished\":\"2016-09-01T09:00:02+00:00\",\"dateModified\":\"2016-09-01T09:00:02+00:00\",\"author\":{\"@id\":\"https:\/\/fondazionecomel.org\/#\/schema\/person\/9ffc7c36c7efb932493a5e2a31589f5d\"},\"breadcrumb\":{\"@id\":\"https:\/\/fondazionecomel.org\/en\/dialogando-en\/apocrifa-antipolitica\/#breadcrumb\"},\"inLanguage\":\"en-US\",\"potentialAction\":[{\"@type\":\"ReadAction\",\"target\":[\"https:\/\/fondazionecomel.org\/en\/dialogando-en\/apocrifa-antipolitica\/\"]}]},{\"@type\":\"BreadcrumbList\",\"@id\":\"https:\/\/fondazionecomel.org\/en\/dialogando-en\/apocrifa-antipolitica\/#breadcrumb\",\"itemListElement\":[{\"@type\":\"ListItem\",\"position\":1,\"name\":\"Home\",\"item\":\"https:\/\/fondazionecomel.org\/en\/\"},{\"@type\":\"ListItem\",\"position\":2,\"name\":\"APOCRIFA: Antipolitica\"}]},{\"@type\":\"Person\",\"@id\":\"https:\/\/fondazionecomel.org\/#\/schema\/person\/9ffc7c36c7efb932493a5e2a31589f5d\",\"name\":\"Luca Maria Pedrotti Dell'Acqua\",\"image\":{\"@type\":\"ImageObject\",\"@id\":\"https:\/\/fondazionecomel.org\/#personlogo\",\"inLanguage\":\"en-US\",\"url\":\"https:\/\/secure.gravatar.com\/avatar\/d1442c9a12a4a8b7179b52e3eef13583?s=96&d=mm&r=g\",\"contentUrl\":\"https:\/\/secure.gravatar.com\/avatar\/d1442c9a12a4a8b7179b52e3eef13583?s=96&d=mm&r=g\",\"caption\":\"Luca Maria Pedrotti Dell'Acqua\"},\"url\":\"https:\/\/fondazionecomel.org\/en\/author\/luca-maria-pedrotti\/\"}]}<\/script>\n<!-- \/ Yoast SEO plugin. -->","yoast_head_json":{"title":"APOCRIFA: Antipolitica - Fondazione Comel","robots":{"index":"index","follow":"follow","max-snippet":"max-snippet:-1","max-image-preview":"max-image-preview:large","max-video-preview":"max-video-preview:-1"},"canonical":"https:\/\/fondazionecomel.org\/en\/dialogando-en\/apocrifa-antipolitica\/","og_locale":"en_US","og_type":"article","og_title":"APOCRIFA: Antipolitica - Fondazione Comel","og_description":"Pi\u00f9 volte, nel passato, ho scritto che a mio avviso il termine \u2018antipolitica\u2019 \u00e8 privo di senso e, in particolare, proprio di senso politico: i cittadini che disertano i seggi o che votano per soggetti contra realizzano atti pienamente e legittimamente politici anche se evidentemente poco graditi a coloro che, dimentichi della realt\u00e0 e cio\u00e8 che in democrazia, qualsiasi cosa si intenda per...","og_url":"https:\/\/fondazionecomel.org\/en\/dialogando-en\/apocrifa-antipolitica\/","og_site_name":"Fondazione Comel","article_published_time":"2016-09-01T09:00:02+00:00","twitter_card":"summary","twitter_misc":{"Written by":"Luca Maria Pedrotti Dell'Acqua","Est. reading time":"3 minutes"},"schema":{"@context":"https:\/\/schema.org","@graph":[{"@type":"WebSite","@id":"https:\/\/fondazionecomel.org\/#website","url":"https:\/\/fondazionecomel.org\/","name":"Fondazione Comel","description":"","potentialAction":[{"@type":"SearchAction","target":{"@type":"EntryPoint","urlTemplate":"https:\/\/fondazionecomel.org\/?s={search_term_string}"},"query-input":"required name=search_term_string"}],"inLanguage":"en-US"},{"@type":"WebPage","@id":"https:\/\/fondazionecomel.org\/en\/dialogando-en\/apocrifa-antipolitica\/#webpage","url":"https:\/\/fondazionecomel.org\/en\/dialogando-en\/apocrifa-antipolitica\/","name":"APOCRIFA: Antipolitica - Fondazione Comel","isPartOf":{"@id":"https:\/\/fondazionecomel.org\/#website"},"datePublished":"2016-09-01T09:00:02+00:00","dateModified":"2016-09-01T09:00:02+00:00","author":{"@id":"https:\/\/fondazionecomel.org\/#\/schema\/person\/9ffc7c36c7efb932493a5e2a31589f5d"},"breadcrumb":{"@id":"https:\/\/fondazionecomel.org\/en\/dialogando-en\/apocrifa-antipolitica\/#breadcrumb"},"inLanguage":"en-US","potentialAction":[{"@type":"ReadAction","target":["https:\/\/fondazionecomel.org\/en\/dialogando-en\/apocrifa-antipolitica\/"]}]},{"@type":"BreadcrumbList","@id":"https:\/\/fondazionecomel.org\/en\/dialogando-en\/apocrifa-antipolitica\/#breadcrumb","itemListElement":[{"@type":"ListItem","position":1,"name":"Home","item":"https:\/\/fondazionecomel.org\/en\/"},{"@type":"ListItem","position":2,"name":"APOCRIFA: Antipolitica"}]},{"@type":"Person","@id":"https:\/\/fondazionecomel.org\/#\/schema\/person\/9ffc7c36c7efb932493a5e2a31589f5d","name":"Luca Maria Pedrotti Dell'Acqua","image":{"@type":"ImageObject","@id":"https:\/\/fondazionecomel.org\/#personlogo","inLanguage":"en-US","url":"https:\/\/secure.gravatar.com\/avatar\/d1442c9a12a4a8b7179b52e3eef13583?s=96&d=mm&r=g","contentUrl":"https:\/\/secure.gravatar.com\/avatar\/d1442c9a12a4a8b7179b52e3eef13583?s=96&d=mm&r=g","caption":"Luca Maria Pedrotti Dell'Acqua"},"url":"https:\/\/fondazionecomel.org\/en\/author\/luca-maria-pedrotti\/"}]}},"_links":{"self":[{"href":"https:\/\/fondazionecomel.org\/en\/wp-json\/wp\/v2\/posts\/5941"}],"collection":[{"href":"https:\/\/fondazionecomel.org\/en\/wp-json\/wp\/v2\/posts"}],"about":[{"href":"https:\/\/fondazionecomel.org\/en\/wp-json\/wp\/v2\/types\/post"}],"author":[{"embeddable":true,"href":"https:\/\/fondazionecomel.org\/en\/wp-json\/wp\/v2\/users\/13"}],"replies":[{"embeddable":true,"href":"https:\/\/fondazionecomel.org\/en\/wp-json\/wp\/v2\/comments?post=5941"}],"version-history":[{"count":0,"href":"https:\/\/fondazionecomel.org\/en\/wp-json\/wp\/v2\/posts\/5941\/revisions"}],"wp:attachment":[{"href":"https:\/\/fondazionecomel.org\/en\/wp-json\/wp\/v2\/media?parent=5941"}],"wp:term":[{"taxonomy":"category","embeddable":true,"href":"https:\/\/fondazionecomel.org\/en\/wp-json\/wp\/v2\/categories?post=5941"},{"taxonomy":"post_tag","embeddable":true,"href":"https:\/\/fondazionecomel.org\/en\/wp-json\/wp\/v2\/tags?post=5941"}],"curies":[{"name":"wp","href":"https:\/\/api.w.org\/{rel}","templated":true}]}}